{"id":256,"date":"2018-10-12T12:39:50","date_gmt":"2018-10-12T10:39:50","guid":{"rendered":"https:\/\/smartinvite.pl\/blog\/?p=256"},"modified":"2018-10-12T12:39:50","modified_gmt":"2018-10-12T10:39:50","slug":"odmiana-nazwisk-na-zaproszeniach-czesc-ii-nazwiska-mezczyzn-zakonczone-na-samogloske","status":"publish","type":"post","link":"https:\/\/smartinvite.pl\/blog\/odmiana-nazwisk-na-zaproszeniach-czesc-ii-nazwiska-mezczyzn-zakonczone-na-samogloske\/","title":{"rendered":"Odmiana nazwisk na zaproszeniach cz\u0119\u015b\u0107 II. Nazwiska m\u0119\u017cczyzn zako\u0144czone na samog\u0142osk\u0119"},"content":{"rendered":"\n<figure class=\"wp-block-image\"><a href=\"https:\/\/smartinvite.pl\/blog\/odmiana-nazwisk-na-zaproszeniach-czesc-ii-nazwiska-mezczyzn-zakonczone-na-samogloske\"><img loading=\"lazy\" decoding=\"async\" width=\"1000\" height=\"1400\" src=\"https:\/\/smartinvite.pl\/blog\/wp-content\/uploads\/2018\/10\/Odmiana-nazwisk-na-zaproszeniach-nazwiska-m\u0119\u017cczyzn-1.jpg\" alt=\"Jak odmienia\u0107 nazwiska m\u0119\u017cczyzn na zaproszeniach.\" class=\"wp-image-359\" srcset=\"https:\/\/smartinvite.pl\/blog\/wp-content\/uploads\/2018\/10\/Odmiana-nazwisk-na-zaproszeniach-nazwiska-m\u0119\u017cczyzn-1.jpg 1000w, https:\/\/smartinvite.pl\/blog\/wp-content\/uploads\/2018\/10\/Odmiana-nazwisk-na-zaproszeniach-nazwiska-m\u0119\u017cczyzn-1-214x300.jpg 214w, https:\/\/smartinvite.pl\/blog\/wp-content\/uploads\/2018\/10\/Odmiana-nazwisk-na-zaproszeniach-nazwiska-m\u0119\u017cczyzn-1-768x1075.jpg 768w, https:\/\/smartinvite.pl\/blog\/wp-content\/uploads\/2018\/10\/Odmiana-nazwisk-na-zaproszeniach-nazwiska-m\u0119\u017cczyzn-1-731x1024.jpg 731w, https:\/\/smartinvite.pl\/blog\/wp-content\/uploads\/2018\/10\/Odmiana-nazwisk-na-zaproszeniach-nazwiska-m\u0119\u017cczyzn-1-271x380.jpg 271w\" sizes=\"(max-width: 1000px) 100vw, 1000px\" \/><\/a><\/figure>\n\n\n\n<p><\/p>\n\n\n\n<p class=\"has-regular-font-size\">W drugiej cz\u0119\u015bci poradnika &#8222;Jak odmienia\u0107 nazwiska za zaproszeniach&#8221; prezentujemy zasady dotycz\u0105ce odmiany nazwisk m\u0119skich zako\u0144czonych na samog\u0142osk\u0119.<\/p>\n\n\n\n<!--more-->\n\n\n\n<p><\/p>\n\n\n\n<h2 class=\"wp-block-heading\"><strong>Nazwiska m\u0119skie zako\u0144czone na \u201ea\u201d<\/strong><\/h2>\n\n\n\n<p style=\"font-size:17px\">Nazwiska m\u0119skie zako\u0144czone na samog\u0142osk\u0119 \u201ea\u201d odmieniaj\u0105 si\u0119 jak rzeczowniki rodzaju \u017ce\u0144skiego np. kobieta, matka, tarcza lub niania. W bierniku liczby pojedynczej otrzymuj\u0105 ko\u0144c\u00f3wk\u0119 <strong>\u201e\u0119\u201d<\/strong>.<\/p>\n\n\n\n<p style=\"font-size:17px\">Je\u015bli jednym z go\u015bci na przyj\u0119ciu ma by\u0107 Pan Jan Kuca\u0142a na zaproszeniu umieszczamy odpowiednio odmienione nazwisko np. <em>Hanna i Ignacy zapraszaj\u0105 (kogo?) Szanownego Pana Jana Kuca\u0142\u0119<\/em>.<\/p>\n\n\n\n<p style=\"background-color:#fafafa;font-size:17px\" class=\"has-background\"><em>Przyk\u0142ady:<br\/>Pan Adam Dud<strong>a<\/strong> \u2013 zapraszam Pana Adama Dud<strong>\u0119 <\/strong><\/em><br\/><em>Pan Maciej Sikor<strong>a<\/strong> \u2013 zapraszam Pana Macieja Sikor<strong>\u0119 <\/strong><\/em><br\/><em>Pan Miros\u0142aw Wa\u0142\u0119s<strong>a<\/strong> \u2013 zapraszam Pana Miros\u0142awa Wa\u0142\u0119s<strong>\u0119<\/strong><\/em><br\/><em>Pan Jerzy Przyby\u0142<strong>a<\/strong> \u2013 zapraszam Pana Jerzego Przyby\u0142<strong>\u0119<\/strong><\/em><\/p>\n\n\n\n<hr class=\"wp-block-separator is-style-wide\"\/>\n\n\n\n<p><\/p>\n\n\n\n<h2 class=\"wp-block-heading\"><strong>Nazwiska m\u0119skie zako\u0144czone na \u201ei\u201d lub \u201ey\u201d<\/strong><\/h2>\n\n\n\n<p style=\"font-size:17px\">Nazwiska m\u0119skie zako\u0144czone na \u201ei\u201d oraz \u201ey\u201d odmieniaj\u0105 si\u0119 jak przymiotniki rodzaju m\u0119skiego o takim samym zako\u0144czeniu np. wysoki, przystojny. W bierniku liczby pojedynczej otrzymuj\u0105 odpowiednio ko\u0144c\u00f3wk\u0119 <strong>\u201eiego\u201d<\/strong>, <strong>\u201eego\u201d<\/strong>.<\/p>\n\n\n\n<p style=\"font-size:17px\">Je\u015bli jednym z go\u015bci na przyj\u0119ciu ma by\u0107 Pan Adam Malinowski na zaproszeniu umieszczamy odpowiednio odmienione nazwisko np.\u00a0<em>Hanna i Ignacy zapraszaj\u0105 (kogo?) Szanownego<\/em> <em>Pana Adama Malinowskiego<\/em>.<\/p>\n\n\n\n<p style=\"background-color:#fafafa;font-size:17px\" class=\"has-background\"><em>Przyk\u0142ady:<\/em><br\/><em>Pan Jan Wysok<strong>i<\/strong> \u2013 zapraszam Pana Jana Wysok<strong>iego<\/strong><\/em><br\/><em>Pan Jan Kowalsk<strong>i<\/strong> \u2013 zapraszam Pana Jana Kowalsk<strong>iego<\/strong><\/em><br\/><em>Pan Adam Czarn<strong>y<\/strong> \u2013 zapraszam Pana Adama Czarn<strong>ego<\/strong><\/em><br\/><em>Pan Adam Konieczn<strong>y<\/strong> \u2013 zapraszam Pana Adama Konieczn<strong>ego<\/strong><\/em><em><strong><\/strong><\/em><\/p>\n\n\n\n<hr class=\"wp-block-separator is-style-wide\"\/>\n\n\n\n<p><\/p>\n\n\n\n<h2 class=\"wp-block-heading\"><strong>Nazwiska m\u0119skie zako\u0144czone na \u201ee\u201d<\/strong><\/h2>\n\n\n\n<p style=\"font-size:17px\">Nazwiska m\u0119skie zako\u0144czone na samog\u0142osk\u0119 \u201ee\u201d odmieniaj\u0105 si\u0119 podobnie jak przymiotniki rodzaju nijakiego np. trudne*. W bierniku liczby pojedynczej otrzymuj\u0105 ko\u0144c\u00f3wk\u0119 <strong>\u201eego\u201d<\/strong>.<\/p>\n\n\n\n<p style=\"font-size:17px\">Je\u015bli jednym z go\u015bci na przyj\u0119ciu ma by\u0107 Pan Bronis\u0142aw Krauze na zaproszeniu umieszczamy np.\u00a0<em>Hanna i Ignacy zapraszaj\u0105 (kogo?) Szanownego Pana Bronis\u0142awa Krauzego.<\/em><\/p>\n\n\n\n<p style=\"background-color:#fafafa;font-size:17px\" class=\"has-background\"><em>Przyk\u0142ady:<br\/>Pan Jan Kolb<strong>e<\/strong> \u2013 zapraszam Pana Jana Kolb<strong>ego<\/strong><\/em><br\/><em>Pan Maciej Lipk<strong>e<\/strong> \u2013 zapraszam Pana Macieja Lipk<strong>ego<\/strong><\/em><br\/><em>Pan Sebastian Jank<strong>e<\/strong> \u2013 zapraszam Pana Sebastiana Jank<strong>ego<\/strong><\/em><\/p>\n\n\n\n<hr class=\"wp-block-separator is-style-wide\"\/>\n\n\n\n<p><\/p>\n\n\n\n<h2 class=\"wp-block-heading\"><strong>Nazwiska m\u0119skie zako\u0144czone na \u201eo\u201d<\/strong><\/h2>\n\n\n\n<p style=\"font-size:17px\">Nazwiska m\u0119skie zako\u0144czone na \u201eo\u201d odmieniamy zgodnie z nast\u0119puj\u0105cymi zasadami.<\/p>\n\n\n\n<p style=\"font-size:17px\"><strong>Nazwiska m\u0119skie zako\u0144czone na \u201eo\u201d po sp\u00f3\u0142g\u0142osce twardej <\/strong>odmieniamy jak rzeczowniki rodzaju \u017ce\u0144skiego czyli tak samo jak nazwiska m\u0119skie zako\u0144czone na \u201ea\u201d. W bierniku liczby pojedynczej otrzymuj\u0105 one ko\u0144c\u00f3wk\u0119 <strong>\u201e\u0119\u201d<\/strong>.<br\/><\/p>\n\n\n\n<p style=\"font-size:17px\">Je\u015bli jednym z go\u015bci na przyj\u0119ciu ma by\u0107 Pan Cezary Lipko na zaproszeniu umieszczamy odpowiednio odmienione nazwisko np.\u00a0<em>Hanna i Ignacy zapraszaj\u0105 (kogo?) Szanownego Pana Cezarego Lipk\u0119.<\/em><\/p>\n\n\n\n<p style=\"background-color:#fafafa;font-size:17px\" class=\"has-background\"><em>Przyk\u0142ady:<br\/>Pan Marian Podsiad<strong>\u0142o<\/strong> \u2013 zapraszam Pana Mariana Podsiad<strong>\u0142\u0119<\/strong><\/em><br\/><em>Pan Stefan La<strong>to<\/strong> \u2013 zapraszam Pana Stefana La<strong>t\u0119<\/strong><\/em><br\/><em>Pan Adrian Mlecz<strong>ko<\/strong> \u2013 zapraszam Pana Adriana Mlecz<strong>k\u0119<\/strong><\/em><\/p>\n\n\n\n<p style=\"font-size:17px\"><strong>Nazwiska zako\u0144czone na \u201eo\u201d po sp\u00f3\u0142g\u0142osce mi\u0119kkiej (\u0107\/ci, \u0144\/ni, \u015b\/si, \u017a\/zi, d\u017a\/dzi, j, l)<\/strong> odmieniaj\u0105 si\u0119 jak rzeczowniki rodzaju m\u0119skiego o podobnym zako\u0144czeniu (mi\u0119kkotematowe) np. tatunio lub zdrobnia\u0142e imiona np. Stasio. W bierniku otrzymuj\u0105 ko\u0144c\u00f3wk\u0119 <strong>\u201ea\u201d<\/strong>.<br\/><\/p>\n\n\n\n<p style=\"font-size:17px\">Je\u015bli jednym z go\u015bci na przyj\u0119ciu ma by\u0107 Micha\u0142 Pucio na zaproszeniu umieszczamy odpowiednio odmienione nazwisko np.\u00a0<em>Hanna i Ignacy zapraszaj\u0105 (kogo?) Szanownego Pana Micha\u0142a Pucia<\/em>.<\/p>\n\n\n\n<p style=\"background-color:#fafafa;font-size:17px\" class=\"has-background\"><em>Przyk\u0142ady:<br\/>Pan Jan Pa<strong>zio<\/strong> \u2013 zapraszam Pana Pa<strong>zia<\/strong><\/em><br\/><em>Pan Kacper Ku<strong>cio<\/strong> \u2013 zapraszam Pana Kacpra Ku<strong>cia<\/strong><\/em><\/p>\n\n\n\n<hr class=\"wp-block-separator is-style-wide\"\/>\n\n\n\n<p class=\"has-small-font-size\">*R\u00f3\u017cni\u0105 si\u0119 odmian\u0105 w narz\u0119dniku i miejscowniku.<\/p>\n","protected":false},"excerpt":{"rendered":"<p>W drugiej cz\u0119\u015bci poradnika &#8222;Jak odmienia\u0107 nazwiska za zaproszeniach&#8221; prezentujemy zasady dotycz\u0105ce odmiany nazwisk m\u0119skich zako\u0144czonych na samog\u0142osk\u0119.<\/p>\n","protected":false},"author":1,"featured_media":0,"comment_status":"open","ping_status":"open","sticky":false,"template":"","format":"standard","meta":{"footnotes":""},"categories":[5,2,15],"tags":[],"_links":{"self":[{"href":"https:\/\/smartinvite.pl\/blog\/wp-json\/wp\/v2\/posts\/256"}],"collection":[{"href":"https:\/\/smartinvite.pl\/blog\/wp-json\/wp\/v2\/posts"}],"about":[{"href":"https:\/\/smartinvite.pl\/blog\/wp-json\/wp\/v2\/types\/post"}],"author":[{"embeddable":true,"href":"https:\/\/smartinvite.pl\/blog\/wp-json\/wp\/v2\/users\/1"}],"replies":[{"embeddable":true,"href":"https:\/\/smartinvite.pl\/blog\/wp-json\/wp\/v2\/comments?post=256"}],"version-history":[{"count":11,"href":"https:\/\/smartinvite.pl\/blog\/wp-json\/wp\/v2\/posts\/256\/revisions"}],"predecessor-version":[{"id":382,"href":"https:\/\/smartinvite.pl\/blog\/wp-json\/wp\/v2\/posts\/256\/revisions\/382"}],"wp:attachment":[{"href":"https:\/\/smartinvite.pl\/blog\/wp-json\/wp\/v2\/media?parent=256"}],"wp:term":[{"taxonomy":"category","embeddable":true,"href":"https:\/\/smartinvite.pl\/blog\/wp-json\/wp\/v2\/categories?post=256"},{"taxonomy":"post_tag","embeddable":true,"href":"https:\/\/smartinvite.pl\/blog\/wp-json\/wp\/v2\/tags?post=256"}],"curies":[{"name":"wp","href":"https:\/\/api.w.org\/{rel}","templated":true}]}}